{"id":391,"date":"2025-08-25T09:25:45","date_gmt":"2025-08-25T07:25:45","guid":{"rendered":"http:\/\/tg-duehren.de\/?p=391"},"modified":"2025-08-25T09:26:26","modified_gmt":"2025-08-25T07:26:26","slug":"das-war-unser-kinderferienprogramm-2025","status":"publish","type":"post","link":"http:\/\/tg-duehren.de\/?p=391","title":{"rendered":"Kinderferienprogramm 2025"},"content":{"rendered":"\n<p>Am 24.8.2025 fand wieder unser Kinderferienprogramm auf unserer Anlage statt. In zwei Gruppen wurden die Kinder zwischen 6-11 Jahren &nbsp;trainiert.&nbsp;Auf dem Programm standen Technik\u00fcbungen, insbesondere die Vorhand, sowie verschiedene Koordinations\u00fcbungen. Spielerisch und abwechslungsreich konnten die Kinder ihre F\u00e4higkeiten verbessern und dabei viel Freude am Sport erleben.<\/p>\n\n\n\n<p>Nat\u00fcrlich kam auch die St\u00e4rkung nicht zu kurz: In zwei Pausen gab es Snacks, Hot Dogs und erfrischende Getr\u00e4nke, sodass alle Kinder mit neuer Energie weitermachen konnten.<\/p>\n\n\n\n<p>Ein gelungener Tag \u2013 wir freuen uns schon jetzt auf das n\u00e4chste Kinderferienprogramm.<\/p>\n\n\n\n<figure class=\"wp-block-gallery has-nested-images columns-default is-cropped wp-block-gallery-1 is-layout-flex wp-block-gallery-is-layout-flex\">\n<figure class=\"wp-block-image size-large\"><img loading=\"lazy\" decoding=\"async\" width=\"768\" height=\"1024\" data-id=\"393\" src=\"http:\/\/tg-duehren.de\/wp-content\/uploads\/2025\/08\/unnamed-1-768x1024.jpg\" alt=\"\" class=\"wp-image-393\" srcset=\"http:\/\/tg-duehren.de\/wp-content\/uploads\/2025\/08\/unnamed-1-768x1024.jpg 768w, http:\/\/tg-duehren.de\/wp-content\/uploads\/2025\/08\/unnamed-1-225x300.jpg 225w, http:\/\/tg-duehren.de\/wp-content\/uploads\/2025\/08\/unnamed-1-1152x1536.jpg 1152w, http:\/\/tg-duehren.de\/wp-content\/uploads\/2025\/08\/unnamed-1-1536x2048.jpg 1536w, http:\/\/tg-duehren.de\/wp-content\/uploads\/2025\/08\/unnamed-1-scaled.jpg 1920w\" sizes=\"(max-width: 767px) 89vw, (max-width: 1000px) 54vw, (max-width: 1071px) 543px, 580px\" \/><\/figure>\n\n\n\n<figure class=\"wp-block-image size-large\"><img loading=\"lazy\" decoding=\"async\" width=\"768\" height=\"1024\" data-id=\"396\" src=\"http:\/\/tg-duehren.de\/wp-content\/uploads\/2025\/08\/image4-768x1024.jpeg\" alt=\"\" class=\"wp-image-396\" srcset=\"http:\/\/tg-duehren.de\/wp-content\/uploads\/2025\/08\/image4-768x1024.jpeg 768w, http:\/\/tg-duehren.de\/wp-content\/uploads\/2025\/08\/image4-225x300.jpeg 225w, http:\/\/tg-duehren.de\/wp-content\/uploads\/2025\/08\/image4-1152x1536.jpeg 1152w, http:\/\/tg-duehren.de\/wp-content\/uploads\/2025\/08\/image4-1536x2048.jpeg 1536w, http:\/\/tg-duehren.de\/wp-content\/uploads\/2025\/08\/image4-scaled.jpeg 1920w\" sizes=\"(max-width: 767px) 89vw, (max-width: 1000px) 54vw, (max-width: 1071px) 543px, 580px\" \/><\/figure>\n\n\n\n<figure class=\"wp-block-image size-large\"><img loading=\"lazy\" decoding=\"async\" width=\"768\" height=\"1024\" data-id=\"395\" src=\"http:\/\/tg-duehren.de\/wp-content\/uploads\/2025\/08\/image2-768x1024.jpeg\" alt=\"\" class=\"wp-image-395\" srcset=\"http:\/\/tg-duehren.de\/wp-content\/uploads\/2025\/08\/image2-768x1024.jpeg 768w, http:\/\/tg-duehren.de\/wp-content\/uploads\/2025\/08\/image2-225x300.jpeg 225w, http:\/\/tg-duehren.de\/wp-content\/uploads\/2025\/08\/image2-1152x1536.jpeg 1152w, http:\/\/tg-duehren.de\/wp-content\/uploads\/2025\/08\/image2-1536x2048.jpeg 1536w, http:\/\/tg-duehren.de\/wp-content\/uploads\/2025\/08\/image2-scaled.jpeg 1920w\" sizes=\"(max-width: 767px) 89vw, (max-width: 1000px) 54vw, (max-width: 1071px) 543px, 580px\" \/><\/figure>\n\n\n\n<figure class=\"wp-block-image size-large\"><img loading=\"lazy\" decoding=\"async\" width=\"1024\" height=\"768\" data-id=\"394\" src=\"http:\/\/tg-duehren.de\/wp-content\/uploads\/2025\/08\/image15-1024x768.jpeg\" alt=\"\" class=\"wp-image-394\" srcset=\"http:\/\/tg-duehren.de\/wp-content\/uploads\/2025\/08\/image15-1024x768.jpeg 1024w, http:\/\/tg-duehren.de\/wp-content\/uploads\/2025\/08\/image15-300x225.jpeg 300w, http:\/\/tg-duehren.de\/wp-content\/uploads\/2025\/08\/image15-768x576.jpeg 768w, http:\/\/tg-duehren.de\/wp-content\/uploads\/2025\/08\/image15-1536x1152.jpeg 1536w, http:\/\/tg-duehren.de\/wp-content\/uploads\/2025\/08\/image15-2048x1536.jpeg 2048w\" sizes=\"(max-width: 767px) 89vw, (max-width: 1000px) 54vw, (max-width: 1071px) 543px, 580px\" \/><\/figure>\n<\/figure>\n","protected":false},"excerpt":{"rendered":"<p>Am 24.8.2025 fand wieder unser Kinderferienprogramm auf unserer Anlage statt. In zwei Gruppen wurden die Kinder zwischen 6-11 Jahren &nbsp;trainiert.&nbsp;Auf dem Programm standen Technik\u00fcbungen, insbesondere die Vorhand, sowie verschiedene Koordinations\u00fcbungen. Spielerisch und abwechslungsreich konnten die Kinder ihre F\u00e4higkeiten verbessern und dabei viel Freude am Sport erleben. Nat\u00fcrlich kam auch die St\u00e4rkung nicht zu kurz: In &hellip; <\/p>\n<p class=\"link-more\"><a href=\"http:\/\/tg-duehren.de\/?p=391\" class=\"more-link\"><span class=\"screen-reader-text\">\u201eKinderferienprogramm 2025\u201c<\/span> weiterlesen<\/a><\/p>\n","protected":false},"author":1,"featured_media":0,"comment_status":"open","ping_status":"open","sticky":false,"template":"","format":"standard","meta":{"footnotes":""},"categories":[1],"tags":[],"class_list":["post-391","post","type-post","status-publish","format-standard","hentry","category-uncategorized"],"_links":{"self":[{"href":"http:\/\/tg-duehren.de\/index.php?rest_route=\/wp\/v2\/posts\/391"}],"collection":[{"href":"http:\/\/tg-duehren.de\/index.php?rest_route=\/wp\/v2\/posts"}],"about":[{"href":"http:\/\/tg-duehren.de\/index.php?rest_route=\/wp\/v2\/types\/post"}],"author":[{"embeddable":true,"href":"http:\/\/tg-duehren.de\/index.php?rest_route=\/wp\/v2\/users\/1"}],"replies":[{"embeddable":true,"href":"http:\/\/tg-duehren.de\/index.php?rest_route=%2Fwp%2Fv2%2Fcomments&post=391"}],"version-history":[{"count":2,"href":"http:\/\/tg-duehren.de\/index.php?rest_route=\/wp\/v2\/posts\/391\/revisions"}],"predecessor-version":[{"id":398,"href":"http:\/\/tg-duehren.de\/index.php?rest_route=\/wp\/v2\/posts\/391\/revisions\/398"}],"wp:attachment":[{"href":"http:\/\/tg-duehren.de\/index.php?rest_route=%2Fwp%2Fv2%2Fmedia&parent=391"}],"wp:term":[{"taxonomy":"category","embeddable":true,"href":"http:\/\/tg-duehren.de\/index.php?rest_route=%2Fwp%2Fv2%2Fcategories&post=391"},{"taxonomy":"post_tag","embeddable":true,"href":"http:\/\/tg-duehren.de\/index.php?rest_route=%2Fwp%2Fv2%2Ftags&post=391"}],"curies":[{"name":"wp","href":"https:\/\/api.w.org\/{rel}","templated":true}]}}