{"id":374,"date":"2025-03-30T12:44:25","date_gmt":"2025-03-30T10:44:25","guid":{"rendered":"http:\/\/tg-duehren.de\/?p=374"},"modified":"2025-03-30T12:44:25","modified_gmt":"2025-03-30T10:44:25","slug":"wir-sind-wieder-dabei-teilnahme-sinsheimer-kinderferienprogramm-sa-23-08-2025","status":"publish","type":"post","link":"http:\/\/tg-duehren.de\/?p=374","title":{"rendered":"Wir sind wieder dabei &#8211; Teilnahme Sinsheimer Kinderferienprogramm &#8211; Sa 23.08.2025"},"content":{"rendered":"\n<p>Wir sind wieder dabei &#8211; Teilnahme am Sinsheimer Kinderferienprogramm<\/p>\n\n\n\n<p>Hier ein R\u00fcckblick vom letzten Jahr &#8230;&#8230; <\/p>\n\n\n\n<p>Die Tennisgemeinschaft D\u00fchren bot im Sommer 2024 nicht nur den \u00fcber 30 Vereinskinder Tennistraining an. Auch waren Kinder zum Schnuppern am 1. September 2024 von 10-13 Uhr aus allen Ortsteilen auf unserer Anlage eingeladen (begrenzte Teilnehmerzahl).<br>Dabei durften die Kinder erste Tenniserfahrungen sammeln, Spiele spielen und sich viel bewegen.<br>Zwischendurch gab es nat\u00fcrlich zum Abk\u00fchlen Getr\u00e4nke, Eis und zum Abschluss wurden Hot Dogs gegessen.<\/p>\n\n\n\n<p>Es hat allen Kindern sowie Erwachsenen sehr viel Spa\u00df gemacht.<\/p>\n\n\n\n<p><\/p>\n\n\n\n<div class=\"wp-block-group\"><div class=\"wp-block-group__inner-container is-layout-grid wp-container-core-group-is-layout-1 wp-block-group-is-layout-grid\">\n<div class=\"wp-block-columns is-layout-flex wp-container-core-columns-is-layout-1 wp-block-columns-is-layout-flex\">\n<div class=\"wp-block-column is-layout-flow wp-block-column-is-layout-flow\" style=\"flex-basis:100%\">\n<figure class=\"wp-block-image size-large\"><img loading=\"lazy\" decoding=\"async\" width=\"1024\" height=\"768\" src=\"http:\/\/tg-duehren.de\/wp-content\/uploads\/2025\/03\/IMG_1828-1024x768.jpg\" alt=\"\" class=\"wp-image-376\" srcset=\"http:\/\/tg-duehren.de\/wp-content\/uploads\/2025\/03\/IMG_1828-1024x768.jpg 1024w, http:\/\/tg-duehren.de\/wp-content\/uploads\/2025\/03\/IMG_1828-300x225.jpg 300w, http:\/\/tg-duehren.de\/wp-content\/uploads\/2025\/03\/IMG_1828-768x576.jpg 768w, http:\/\/tg-duehren.de\/wp-content\/uploads\/2025\/03\/IMG_1828-1536x1152.jpg 1536w, http:\/\/tg-duehren.de\/wp-content\/uploads\/2025\/03\/IMG_1828-2048x1536.jpg 2048w\" sizes=\"(max-width: 767px) 89vw, (max-width: 1000px) 54vw, (max-width: 1071px) 543px, 580px\" \/><\/figure>\n<\/div>\n<\/div>\n\n\n\n<figure class=\"wp-block-image size-large\"><img loading=\"lazy\" decoding=\"async\" width=\"1024\" height=\"768\" src=\"http:\/\/tg-duehren.de\/wp-content\/uploads\/2025\/03\/image0-1024x768.jpeg\" alt=\"\" class=\"wp-image-378\" srcset=\"http:\/\/tg-duehren.de\/wp-content\/uploads\/2025\/03\/image0-1024x768.jpeg 1024w, http:\/\/tg-duehren.de\/wp-content\/uploads\/2025\/03\/image0-300x225.jpeg 300w, http:\/\/tg-duehren.de\/wp-content\/uploads\/2025\/03\/image0-768x576.jpeg 768w, http:\/\/tg-duehren.de\/wp-content\/uploads\/2025\/03\/image0-1536x1152.jpeg 1536w, http:\/\/tg-duehren.de\/wp-content\/uploads\/2025\/03\/image0-2048x1536.jpeg 2048w\" sizes=\"(max-width: 767px) 89vw, (max-width: 1000px) 54vw, (max-width: 1071px) 543px, 580px\" \/><\/figure>\n<\/div><\/div>\n\n\n\n<figure class=\"wp-block-image size-large\"><img loading=\"lazy\" decoding=\"async\" width=\"1024\" height=\"768\" src=\"http:\/\/tg-duehren.de\/wp-content\/uploads\/2025\/03\/image1-1024x768.jpeg\" alt=\"\" class=\"wp-image-379\" srcset=\"http:\/\/tg-duehren.de\/wp-content\/uploads\/2025\/03\/image1-1024x768.jpeg 1024w, http:\/\/tg-duehren.de\/wp-content\/uploads\/2025\/03\/image1-300x225.jpeg 300w, http:\/\/tg-duehren.de\/wp-content\/uploads\/2025\/03\/image1-768x576.jpeg 768w, http:\/\/tg-duehren.de\/wp-content\/uploads\/2025\/03\/image1-1536x1152.jpeg 1536w, http:\/\/tg-duehren.de\/wp-content\/uploads\/2025\/03\/image1-2048x1536.jpeg 2048w\" sizes=\"(max-width: 767px) 89vw, (max-width: 1000px) 54vw, (max-width: 1071px) 543px, 580px\" \/><\/figure>\n","protected":false},"excerpt":{"rendered":"<p>Wir sind wieder dabei &#8211; Teilnahme am Sinsheimer Kinderferienprogramm Hier ein R\u00fcckblick vom letzten Jahr &#8230;&#8230; Die Tennisgemeinschaft D\u00fchren bot im Sommer 2024 nicht nur den \u00fcber 30 Vereinskinder Tennistraining an. Auch waren Kinder zum Schnuppern am 1. September 2024 von 10-13 Uhr aus allen Ortsteilen auf unserer Anlage eingeladen (begrenzte Teilnehmerzahl).Dabei durften die Kinder &hellip; <\/p>\n<p class=\"link-more\"><a href=\"http:\/\/tg-duehren.de\/?p=374\" class=\"more-link\"><span class=\"screen-reader-text\">\u201eWir sind wieder dabei &#8211; Teilnahme Sinsheimer Kinderferienprogramm &#8211; Sa 23.08.2025\u201c<\/span> weiterlesen<\/a><\/p>\n","protected":false},"author":1,"featured_media":0,"comment_status":"open","ping_status":"open","sticky":false,"template":"","format":"standard","meta":{"footnotes":""},"categories":[1],"tags":[],"class_list":["post-374","post","type-post","status-publish","format-standard","hentry","category-uncategorized"],"_links":{"self":[{"href":"http:\/\/tg-duehren.de\/index.php?rest_route=\/wp\/v2\/posts\/374"}],"collection":[{"href":"http:\/\/tg-duehren.de\/index.php?rest_route=\/wp\/v2\/posts"}],"about":[{"href":"http:\/\/tg-duehren.de\/index.php?rest_route=\/wp\/v2\/types\/post"}],"author":[{"embeddable":true,"href":"http:\/\/tg-duehren.de\/index.php?rest_route=\/wp\/v2\/users\/1"}],"replies":[{"embeddable":true,"href":"http:\/\/tg-duehren.de\/index.php?rest_route=%2Fwp%2Fv2%2Fcomments&post=374"}],"version-history":[{"count":4,"href":"http:\/\/tg-duehren.de\/index.php?rest_route=\/wp\/v2\/posts\/374\/revisions"}],"predecessor-version":[{"id":382,"href":"http:\/\/tg-duehren.de\/index.php?rest_route=\/wp\/v2\/posts\/374\/revisions\/382"}],"wp:attachment":[{"href":"http:\/\/tg-duehren.de\/index.php?rest_route=%2Fwp%2Fv2%2Fmedia&parent=374"}],"wp:term":[{"taxonomy":"category","embeddable":true,"href":"http:\/\/tg-duehren.de\/index.php?rest_route=%2Fwp%2Fv2%2Fcategories&post=374"},{"taxonomy":"post_tag","embeddable":true,"href":"http:\/\/tg-duehren.de\/index.php?rest_route=%2Fwp%2Fv2%2Ftags&post=374"}],"curies":[{"name":"wp","href":"https:\/\/api.w.org\/{rel}","templated":true}]}}