{"id":351,"date":"2024-07-27T09:45:20","date_gmt":"2024-07-27T07:45:20","guid":{"rendered":"http:\/\/tg-duehren.de\/?p=351"},"modified":"2024-07-27T09:45:20","modified_gmt":"2024-07-27T07:45:20","slug":"bambini-training-beim-tg-duehren-im-sommer-2024","status":"publish","type":"post","link":"http:\/\/tg-duehren.de\/?p=351","title":{"rendered":"Bambini- Training beim TG D\u00fchren im Sommer 2024"},"content":{"rendered":"\n<p>Auch in diesem Sommer trainieren wieder unsere j\u00fcngsten Mitglieder&nbsp; im Alter zwischen 3-5 Jahren auf unserer Anlage. Die tennisbegeisterten Kinder wurden auf zwei Gruppen (5 Kinder pro Gruppe \/ je 30 Minuten) aufgeteilt.&nbsp; Unsere Trainer Marvin Bauer, Matthias Schmitt und Martina Ziegler m\u00f6chten bei dem Training vor allem das Interesse am Sport und den Spa\u00df an der Bewegung f\u00f6rdern.<\/p>\n\n\n\n<p>Der erste Kontakt mit unseren kleinen und gro\u00dfen Tennisb\u00e4llen verbessert die Entwicklung von Ballgef\u00fchl und Koordination der Kinder. Und bei den ersten \u00dcbungen mit dem Tennisschl\u00e4gern k\u00f6nnen die Bambinis ihre F\u00e4higkeiten spielerisch entwickeln.<\/p>\n\n\n\n<p>Unser Bambini- Training endet in diesem Jahr im September (der aktuelle Kurs ist voll).<\/p>\n\n\n\n<p>M\u00f6chtest du dein Kind f\u00fcr die n\u00e4chste Sommersaison 2025 anmelden? Dann melde dich schon jetzt einfach bei unserer Jugendwartin Martina Ziegler (telefonisch oder per WhatsApp&nbsp; 01578-2369878).<\/p>\n\n\n\n<p>Wir freuen uns auf junge Talente!<\/p>\n\n\n\n<figure class=\"wp-block-gallery has-nested-images columns-default is-cropped wp-block-gallery-1 is-layout-flex wp-block-gallery-is-layout-flex\"><\/figure>\n\n\n\n<figure class=\"wp-block-gallery has-nested-images columns-default is-cropped wp-block-gallery-2 is-layout-flex wp-block-gallery-is-layout-flex\">\n<figure class=\"wp-block-image size-large\"><img loading=\"lazy\" decoding=\"async\" width=\"768\" height=\"1024\" data-id=\"356\" src=\"http:\/\/tg-duehren.de\/wp-content\/uploads\/2024\/07\/image1-1-768x1024.jpeg\" alt=\"\" class=\"wp-image-356\" srcset=\"http:\/\/tg-duehren.de\/wp-content\/uploads\/2024\/07\/image1-1-768x1024.jpeg 768w, http:\/\/tg-duehren.de\/wp-content\/uploads\/2024\/07\/image1-1-225x300.jpeg 225w, http:\/\/tg-duehren.de\/wp-content\/uploads\/2024\/07\/image1-1-1152x1536.jpeg 1152w, http:\/\/tg-duehren.de\/wp-content\/uploads\/2024\/07\/image1-1-1536x2048.jpeg 1536w, http:\/\/tg-duehren.de\/wp-content\/uploads\/2024\/07\/image1-1-scaled.jpeg 1920w\" sizes=\"(max-width: 767px) 89vw, (max-width: 1000px) 54vw, (max-width: 1071px) 543px, 580px\" \/><\/figure>\n\n\n\n<figure class=\"wp-block-image size-large\"><img loading=\"lazy\" decoding=\"async\" width=\"1024\" height=\"768\" data-id=\"355\" src=\"http:\/\/tg-duehren.de\/wp-content\/uploads\/2024\/07\/image0-1024x768.jpeg\" alt=\"\" class=\"wp-image-355\" srcset=\"http:\/\/tg-duehren.de\/wp-content\/uploads\/2024\/07\/image0-1024x768.jpeg 1024w, http:\/\/tg-duehren.de\/wp-content\/uploads\/2024\/07\/image0-300x225.jpeg 300w, http:\/\/tg-duehren.de\/wp-content\/uploads\/2024\/07\/image0-768x576.jpeg 768w, http:\/\/tg-duehren.de\/wp-content\/uploads\/2024\/07\/image0-1536x1152.jpeg 1536w, http:\/\/tg-duehren.de\/wp-content\/uploads\/2024\/07\/image0-2048x1536.jpeg 2048w\" sizes=\"(max-width: 767px) 89vw, (max-width: 1000px) 54vw, (max-width: 1071px) 543px, 580px\" \/><\/figure>\n\n\n\n<figure class=\"wp-block-image size-large\"><img loading=\"lazy\" decoding=\"async\" width=\"768\" height=\"1024\" data-id=\"354\" src=\"http:\/\/tg-duehren.de\/wp-content\/uploads\/2024\/07\/image2-768x1024.jpeg\" alt=\"\" class=\"wp-image-354\" srcset=\"http:\/\/tg-duehren.de\/wp-content\/uploads\/2024\/07\/image2-768x1024.jpeg 768w, http:\/\/tg-duehren.de\/wp-content\/uploads\/2024\/07\/image2-225x300.jpeg 225w, http:\/\/tg-duehren.de\/wp-content\/uploads\/2024\/07\/image2-1152x1536.jpeg 1152w, http:\/\/tg-duehren.de\/wp-content\/uploads\/2024\/07\/image2-1536x2048.jpeg 1536w, http:\/\/tg-duehren.de\/wp-content\/uploads\/2024\/07\/image2-scaled.jpeg 1920w\" sizes=\"(max-width: 767px) 89vw, (max-width: 1000px) 54vw, (max-width: 1071px) 543px, 580px\" \/><\/figure>\n\n\n\n<figure class=\"wp-block-image size-large\"><img loading=\"lazy\" decoding=\"async\" width=\"768\" height=\"1024\" data-id=\"357\" src=\"http:\/\/tg-duehren.de\/wp-content\/uploads\/2024\/07\/image3-1-768x1024.jpeg\" alt=\"\" class=\"wp-image-357\" srcset=\"http:\/\/tg-duehren.de\/wp-content\/uploads\/2024\/07\/image3-1-768x1024.jpeg 768w, http:\/\/tg-duehren.de\/wp-content\/uploads\/2024\/07\/image3-1-225x300.jpeg 225w, http:\/\/tg-duehren.de\/wp-content\/uploads\/2024\/07\/image3-1-1152x1536.jpeg 1152w, http:\/\/tg-duehren.de\/wp-content\/uploads\/2024\/07\/image3-1-1536x2048.jpeg 1536w, http:\/\/tg-duehren.de\/wp-content\/uploads\/2024\/07\/image3-1-scaled.jpeg 1920w\" sizes=\"(max-width: 767px) 89vw, (max-width: 1000px) 54vw, (max-width: 1071px) 543px, 580px\" \/><\/figure>\n<\/figure>\n","protected":false},"excerpt":{"rendered":"<p>Auch in diesem Sommer trainieren wieder unsere j\u00fcngsten Mitglieder&nbsp; im Alter zwischen 3-5 Jahren auf unserer Anlage. Die tennisbegeisterten Kinder wurden auf zwei Gruppen (5 Kinder pro Gruppe \/ je 30 Minuten) aufgeteilt.&nbsp; Unsere Trainer Marvin Bauer, Matthias Schmitt und Martina Ziegler m\u00f6chten bei dem Training vor allem das Interesse am Sport und den Spa\u00df &hellip; <\/p>\n<p class=\"link-more\"><a href=\"http:\/\/tg-duehren.de\/?p=351\" class=\"more-link\"><span class=\"screen-reader-text\">\u201eBambini- Training beim TG D\u00fchren im Sommer 2024\u201c<\/span> weiterlesen<\/a><\/p>\n","protected":false},"author":1,"featured_media":0,"comment_status":"open","ping_status":"open","sticky":false,"template":"","format":"standard","meta":{"footnotes":""},"categories":[1],"tags":[],"class_list":["post-351","post","type-post","status-publish","format-standard","hentry","category-uncategorized"],"_links":{"self":[{"href":"http:\/\/tg-duehren.de\/index.php?rest_route=\/wp\/v2\/posts\/351"}],"collection":[{"href":"http:\/\/tg-duehren.de\/index.php?rest_route=\/wp\/v2\/posts"}],"about":[{"href":"http:\/\/tg-duehren.de\/index.php?rest_route=\/wp\/v2\/types\/post"}],"author":[{"embeddable":true,"href":"http:\/\/tg-duehren.de\/index.php?rest_route=\/wp\/v2\/users\/1"}],"replies":[{"embeddable":true,"href":"http:\/\/tg-duehren.de\/index.php?rest_route=%2Fwp%2Fv2%2Fcomments&post=351"}],"version-history":[{"count":1,"href":"http:\/\/tg-duehren.de\/index.php?rest_route=\/wp\/v2\/posts\/351\/revisions"}],"predecessor-version":[{"id":358,"href":"http:\/\/tg-duehren.de\/index.php?rest_route=\/wp\/v2\/posts\/351\/revisions\/358"}],"wp:attachment":[{"href":"http:\/\/tg-duehren.de\/index.php?rest_route=%2Fwp%2Fv2%2Fmedia&parent=351"}],"wp:term":[{"taxonomy":"category","embeddable":true,"href":"http:\/\/tg-duehren.de\/index.php?rest_route=%2Fwp%2Fv2%2Fcategories&post=351"},{"taxonomy":"post_tag","embeddable":true,"href":"http:\/\/tg-duehren.de\/index.php?rest_route=%2Fwp%2Fv2%2Ftags&post=351"}],"curies":[{"name":"wp","href":"https:\/\/api.w.org\/{rel}","templated":true}]}}